{"id":24642,"date":"2019-06-24T15:57:33","date_gmt":"2019-06-24T13:57:33","guid":{"rendered":"https:\/\/www.proactivanet.com\/blog\/nao-categorizado\/a-importancia-do-gerenciamento-correto-de-mudancas-i\/"},"modified":"2019-06-24T15:57:33","modified_gmt":"2019-06-24T13:57:33","slug":"a-importancia-do-gerenciamento-correto-de-mudancas-i","status":"publish","type":"post","link":"https:\/\/www.proactivanet.com\/pt-br\/blog\/gerenciamento-de-mudancas\/a-importancia-do-gerenciamento-correto-de-mudancas-i\/","title":{"rendered":"A import\u00e2ncia do gerenciamento correto de mudan\u00e7as (I)"},"content":{"rendered":"<p>Um colega da Proactivanet, Jos\u00e9 Luis Fern\u00e1ndez, explica a voc\u00ea, por meio de dois exemplos, a import\u00e2ncia de um correto gerenciamento de mudan\u00e7as. Esta \u00e9 a primeira parte do post, nas pr\u00f3ximas semanas compartilharemos com voc\u00ea o segundo exemplo. Obrigado!  <\/p>\n<p><!--more--><\/p>\n<p>Muitas organiza\u00e7\u00f5es <strong>fazem pouco ou nenhum gerenciamento de mudan\u00e7as<\/strong> em sua organiza\u00e7\u00e3o e em seus sistemas de TI, o que acaba tendo um impacto direto nos neg\u00f3cios e, lembremos, impacto nos neg\u00f3cios significa custos, oportunidades perdidas e uma imagem ruim, <strong>o que, no final, significa perda de dinheiro<\/strong>. Como diz o ditado, <a href=\"https:\/\/www.significados.com\/nadie-escarmienta-en-cabeza-ajena\/\" target=\"_blank\" rel=\"noopener\">ningu\u00e9m est\u00e1 enganando ningu\u00e9m<\/a>, mas, por via das d\u00favidas, podemos ajudar o leitor a entender a import\u00e2ncia do <strong>gerenciamento adequado de mudan\u00e7as.<\/strong> Vamos dar dois exemplos que afetam empresas reais (embora, por motivos \u00f3bvios, n\u00e3o mencionaremos seus nomes). <\/p>\n<h2>Partes interessadas e gerenciamento de mudan\u00e7as bem-sucedido<\/h2>\n<p>O primeiro exemplo destaca a import\u00e2ncia de identificar as <strong>partes interessadas, envolv\u00ea-las no planejamento e comunicar-se bem<\/strong>. Para contextualizar, o leitor pode imaginar uma empresa multinacional que vai fazer uma <strong>altera\u00e7\u00e3o no sistema de autentica\u00e7\u00e3o<\/strong> de um de seus sistemas de gerenciamento corporativo. O objetivo da altera\u00e7\u00e3o \u00e9 integrar esse sistema ao sistema de autentica\u00e7\u00e3o corporativo e, assim, facilitar o uso do aplicativo pelos funcion\u00e1rios, pois o mesmo nome de usu\u00e1rio e senha que eles usam em outros aplicativos tamb\u00e9m ser\u00e3o usados nesse. Esse sistema \u00e9 importante porque, al\u00e9m de ser usado pelos funcion\u00e1rios no dia a dia, ele coleta informa\u00e7\u00f5es das quais s\u00e3o extra\u00eddas m\u00e9tricas que s\u00e3o consultadas pela ger\u00eancia e tamb\u00e9m consolida dados para serem apresentados a terceiros. A atualiza\u00e7\u00e3o \u00e9 planejada para um dia \u00fatil durante o hor\u00e1rio comercial e a \u00fanica comunica\u00e7\u00e3o aos funcion\u00e1rios sobre ela ocorre com dois dias de anteced\u00eancia por e-mail.      <strong>O que acontece no dia da atualiza\u00e7\u00e3o?<\/strong>  Muitos funcion\u00e1rios entrando em contato com o departamento de suporte com perguntas sobre como acessar o aplicativo, uma reuni\u00e3o da ger\u00eancia s\u00eanior que n\u00e3o pode ser realizada porque eles n\u00e3o podem acessar o aplicativo para extrair os relat\u00f3rios necess\u00e1rios e, para completar, um dos sites da organiza\u00e7\u00e3o que estava sendo auditado n\u00e3o pode acessar o aplicativo para mostrar ao auditor as evid\u00eancias de que ele precisa.<\/p>\n<p>\u00c9 importante que <strong>o leitor entenda que n\u00e3o houve falha t\u00e9cnica<\/strong>: a integra\u00e7\u00e3o com o sistema de autentica\u00e7\u00e3o funcionou na primeira vez (ela havia sido testada anteriormente em um ambiente de teste, portanto, foi feito um gerenciamento m\u00ednimo de altera\u00e7\u00f5es). No entanto, como n\u00e3o foi explicado adequadamente aos usu\u00e1rios como o aplicativo deveria ser acessado e n\u00e3o foram dadas instru\u00e7\u00f5es especiais ao departamento de suporte, a realidade \u00e9 que os funcion\u00e1rios praticamente n\u00e3o puderam acessar o aplicativo por dois dias. Tamb\u00e9m \u00e9 importante que o leitor entenda que enviar um aviso por e-mail n\u00e3o \u00e9 o mesmo que uma comunica\u00e7\u00e3o eficaz. Como fui lembrado recentemente em um curso do qual participei, a comunica\u00e7\u00e3o \u00e9 o que o destinat\u00e1rio recebe e entende, n\u00e3o o que \u00e9 transmitido.   <\/p>\n<p><em>Se desejar, voc\u00ea pode continuar lendo em <a href=\"https:\/\/blog.proactivanet.com\/gestion-de-cambios\/la-importancia-de-realizar-una-correcta-gestion-de-cambios-ii\/\">A import\u00e2ncia do gerenciamento correto de mudan\u00e7as (II)<\/a>.<\/em><\/p>\n","protected":false},"excerpt":{"rendered":"<p>Um colega da Proactivanet, Jos\u00e9 Luis Fern\u00e1ndez, explica a voc\u00ea, por...  <\/p>\n<div class=\"read-more mt-4 text-blue text-xs\"><\/div>\n","protected":false},"author":7,"featured_media":24643,"comment_status":"open","ping_status":"closed","sticky":false,"template":"","format":"standard","meta":{"_acf_changed":false,"footnotes":""},"categories":[1782],"tags":[1790,1789,1788,1787,1748,1731],"class_list":["post-24642","post","type-post","status-publish","format-standard","has-post-thumbnail","hentry","category-gerenciamento-de-mudancas","tag-partes-interessadas","tag-parceiros","tag-blog-pt-br","tag-gerenciamento-de-mudancas","tag-proactivanet-pt-br","tag-ferramenta"],"acf":{"is_icon":[]},"post_mailing_queue_ids":[],"_links":{"self":[{"href":"https:\/\/www.proactivanet.com\/pt-br\/wp-json\/wp\/v2\/posts\/24642","targetHints":{"allow":["GET"]}}],"collection":[{"href":"https:\/\/www.proactivanet.com\/pt-br\/wp-json\/wp\/v2\/posts"}],"about":[{"href":"https:\/\/www.proactivanet.com\/pt-br\/wp-json\/wp\/v2\/types\/post"}],"author":[{"embeddable":true,"href":"https:\/\/www.proactivanet.com\/pt-br\/wp-json\/wp\/v2\/users\/7"}],"replies":[{"embeddable":true,"href":"https:\/\/www.proactivanet.com\/pt-br\/wp-json\/wp\/v2\/comments?post=24642"}],"version-history":[{"count":0,"href":"https:\/\/www.proactivanet.com\/pt-br\/wp-json\/wp\/v2\/posts\/24642\/revisions"}],"wp:featuredmedia":[{"embeddable":true,"href":"https:\/\/www.proactivanet.com\/pt-br\/wp-json\/wp\/v2\/media\/24643"}],"wp:attachment":[{"href":"https:\/\/www.proactivanet.com\/pt-br\/wp-json\/wp\/v2\/media?parent=24642"}],"wp:term":[{"taxonomy":"category","embeddable":true,"href":"https:\/\/www.proactivanet.com\/pt-br\/wp-json\/wp\/v2\/categories?post=24642"},{"taxonomy":"post_tag","embeddable":true,"href":"https:\/\/www.proactivanet.com\/pt-br\/wp-json\/wp\/v2\/tags?post=24642"}],"curies":[{"name":"wp","href":"https:\/\/api.w.org\/{rel}","templated":true}]}}