{"id":24570,"date":"2025-03-26T13:00:27","date_gmt":"2025-03-26T12:00:27","guid":{"rendered":"https:\/\/www.proactivanet.com\/blog\/nao-categorizado\/a-proactivanet-estara-presente-na-rsac-2025\/"},"modified":"2025-03-26T13:00:27","modified_gmt":"2025-03-26T12:00:27","slug":"a-proactivanet-estara-presente-na-rsac-2025","status":"publish","type":"post","link":"https:\/\/www.proactivanet.com\/pt-br\/blog\/proactivanet-pt-br\/a-proactivanet-estara-presente-na-rsac-2025\/","title":{"rendered":"A Proactivanet estar\u00e1 presente na RSAC 2025"},"content":{"rendered":"<p><em>De 28 de abril a 1\u00ba de maio, a cidade de S\u00e3o Francisco se tornar\u00e1 mais uma vez o principal ponto de encontro dos profissionais de seguran\u00e7a cibern\u00e9tica com uma nova edi\u00e7\u00e3o da <a href=\"https:\/\/www.rsaconference.com\/usa\" target=\"_blank\" rel=\"noopener\">RSA Conference (RSAC)<\/a>, sob o tema \"Many Voices. Uma comunidade\".<\/em><\/p>\n<p>Um evento que, ano ap\u00f3s ano, continua a se consolidar como um dos mais influentes do setor em n\u00edvel internacional. Em sua edi\u00e7\u00e3o de 2024, mais de <strong>41.000 participantes, 600 startups, 650 palestrantes e 400 meios de comunica\u00e7\u00e3o<\/strong> se reuniram para compartilhar ideias, tecnologias e estrat\u00e9gias sobre seguran\u00e7a cibern\u00e9tica. <\/p>\n<p>Nesta nova edi\u00e7\u00e3o, o foco ser\u00e1 nas <strong>tend\u00eancias emergentes<\/strong>, nos <strong>desafios atuais<\/strong> do setor e na <strong>inova\u00e7\u00e3o tecnol\u00f3gica<\/strong>. O evento contar\u00e1 com uma \u00e1rea de exposi\u00e7\u00e3o para startups, v\u00e1rias atividades, workshops, f\u00f3runs de discuss\u00e3o e um espa\u00e7o ideal para <strong>fazer networking com as principais empresas e investidores<\/strong>. <\/p>\n<h3>E sim, mais uma vez, a Proactivanet far\u00e1 parte dessa comunidade global.<\/h3>\n<p>Em colabora\u00e7\u00e3o com a <strong>ICEX<\/strong> e a <strong>INCIBE<\/strong>, estaremos presentes no Pavilh\u00e3o da Espanha (estande n\u00ba S-0642) para compartilhar nossa vis\u00e3o sobre como <strong>o gerenciamento eficiente de ativos e servi\u00e7os de TI<\/strong> pode fazer a diferen\u00e7a na <strong>estrat\u00e9gia de seguran\u00e7a cibern\u00e9tica<\/strong> das organiza\u00e7\u00f5es. Estamos comprometidos com o <strong>controle total e a visibilidade<\/strong> como pilares fundamentais para antecipar riscos, otimizar recursos e fortalecer a postura de seguran\u00e7a a partir do n\u00facleo da infraestrutura tecnol\u00f3gica. <\/p>\n<p>Nesse contexto, tamb\u00e9m falaremos sobre nossa proposta <strong>CyberITAM<\/strong>, uma evolu\u00e7\u00e3o natural do <a href=\"https:\/\/www.proactivanet.com\/pt-br\/blog\/nao-categorizado\/apresentamos-o-cyberitam-o-novo-modulo-da-proactivanet-que-revoluciona-a-seguranca-cibernetica-por-meio-do-inventario-de-ti\/\">Gerenciamento de Ativos de TI<\/a>, que visa responder aos desafios atuais de seguran\u00e7a cibern\u00e9tica por meio de um gerenciamento abrangente e automatizado, alinhado \u00e0s pr\u00e1ticas recomendadas de seguran\u00e7a.<span style=\"color: #ffffff;\"><strong>CyberITAM<\/strong><\/span><\/p>\n<p>Se voc\u00ea estiver interessado em participar do evento e obter mais informa\u00e7\u00f5es, visite o site da RSA Conference ou entre em contato conosco pelo e-mail mk@proactivanet.com.<\/p>\n","protected":false},"excerpt":{"rendered":"<p>De 28 de abril a 1\u00ba de maio, a cidade de...  <\/p>\n<div class=\"read-more mt-4 text-blue text-xs\"><\/div>\n","protected":false},"author":7,"featured_media":24542,"comment_status":"open","ping_status":"closed","sticky":false,"template":"","format":"standard","meta":{"_acf_changed":false,"footnotes":""},"categories":[1728,1725],"tags":[],"class_list":["post-24570","post","type-post","status-publish","format-standard","has-post-thumbnail","hentry","category-seguranca","category-proactivanet-pt-br"],"acf":{"is_icon":""},"post_mailing_queue_ids":[],"_links":{"self":[{"href":"https:\/\/www.proactivanet.com\/pt-br\/wp-json\/wp\/v2\/posts\/24570","targetHints":{"allow":["GET"]}}],"collection":[{"href":"https:\/\/www.proactivanet.com\/pt-br\/wp-json\/wp\/v2\/posts"}],"about":[{"href":"https:\/\/www.proactivanet.com\/pt-br\/wp-json\/wp\/v2\/types\/post"}],"author":[{"embeddable":true,"href":"https:\/\/www.proactivanet.com\/pt-br\/wp-json\/wp\/v2\/users\/7"}],"replies":[{"embeddable":true,"href":"https:\/\/www.proactivanet.com\/pt-br\/wp-json\/wp\/v2\/comments?post=24570"}],"version-history":[{"count":0,"href":"https:\/\/www.proactivanet.com\/pt-br\/wp-json\/wp\/v2\/posts\/24570\/revisions"}],"wp:featuredmedia":[{"embeddable":true,"href":"https:\/\/www.proactivanet.com\/pt-br\/wp-json\/wp\/v2\/media\/24542"}],"wp:attachment":[{"href":"https:\/\/www.proactivanet.com\/pt-br\/wp-json\/wp\/v2\/media?parent=24570"}],"wp:term":[{"taxonomy":"category","embeddable":true,"href":"https:\/\/www.proactivanet.com\/pt-br\/wp-json\/wp\/v2\/categories?post=24570"},{"taxonomy":"post_tag","embeddable":true,"href":"https:\/\/www.proactivanet.com\/pt-br\/wp-json\/wp\/v2\/tags?post=24570"}],"curies":[{"name":"wp","href":"https:\/\/api.w.org\/{rel}","templated":true}]}}