{"id":32919,"date":"2026-03-11T00:00:35","date_gmt":"2026-03-10T23:00:35","guid":{"rendered":"https:\/\/www.proactivanet.com\/?p=32919"},"modified":"2026-03-10T10:17:53","modified_gmt":"2026-03-10T09:17:53","slug":"gestion-des-appareils-mobiles-mdm-5-cles-strategiques-pour-votre-entreprise","status":"publish","type":"post","link":"https:\/\/www.proactivanet.com\/fr\/blog\/proactivanet\/gestion-des-appareils-mobiles-mdm-5-cles-strategiques-pour-votre-entreprise\/","title":{"rendered":"Gestion des appareils mobiles (MDM) : 5 cl\u00e9s strat\u00e9giques pour votre entreprise"},"content":{"rendered":"<p id=\"p-rc_290adbf1df446022-34\" data-path-to-node=\"9\"><span data-path-to-node=\"9,1\"><span class=\"citation-176\">La gestion des appareils mobiles <\/span><b data-path-to-node=\"9,1\" data-index-in-node=\"3\"><span class=\"citation-176\">gestion des appareils mobiles<\/span><\/b><span class=\"citation-176\"> est devenue la pierre angulaire de la s\u00e9curit\u00e9 et de l'efficacit\u00e9 dans l'environnement de travail moderne.<\/span><\/span><span data-path-to-node=\"9,3\">. <\/span><span data-path-to-node=\"9,5\"><span class=\"citation-175\">Avec la prolif\u00e9ration des smartphones et des tablettes dans les entreprises, les organisations sont confront\u00e9es au d\u00e9fi de maintenir le contr\u00f4le sans sacrifier l'agilit\u00e9 de l'entreprise.<\/span><\/span><span data-path-to-node=\"9,7\">.<\/span><\/p>\n<p id=\"p-rc_290adbf1df446022-35\" data-path-to-node=\"10,1\"><span data-path-to-node=\"10,1,0\"><b data-path-to-node=\"10,1,0\" data-index-in-node=\"0\"><span class=\"citation-174\">En bref :<\/span><\/b><span class=\"citation-174\"> Le MDM est un ensemble de politiques et de technologies permettant de g\u00e9rer de mani\u00e8re centralis\u00e9e les appareils acc\u00e9dant aux ressources de l'entreprise.<\/span><\/span><span data-path-to-node=\"10,1,2\">. <\/span><span data-path-to-node=\"10,1,4\"><span class=\"citation-173\">Il vous permet de s\u00e9curiser les informations, d'automatiser les configurations et de vous conformer aux r\u00e8gles de s\u00e9curit\u00e9 \u00e0 distance.<\/span><\/span><span data-path-to-node=\"10,1,6\">.<\/span><\/p>\n<h2 data-path-to-node=\"11\">Qu'est-ce que la gestion des appareils mobiles ?<\/h2>\n<p id=\"p-rc_290adbf1df446022-36\" data-path-to-node=\"12\"><span data-path-to-node=\"12,1\"><span class=\"citation-172\">Le<strong> MDM<\/strong> est d\u00e9fini comme un ensemble d'outils, de processus et de politiques qui permettent \u00e0 une organisation de g\u00e9rer, de surveiller et de s\u00e9curiser de mani\u00e8re centralis\u00e9e tous les appareils mobiles (smartphones, tablettes, ordinateurs portables) qui acc\u00e8dent aux actifs de l'entreprise.<\/span><\/span><span data-path-to-node=\"12,3\">.<\/span><\/p>\n<p id=\"p-rc_290adbf1df446022-37\" data-path-to-node=\"13\"><span data-path-to-node=\"13,1\"><span class=\"citation-171\">Son objectif est de fournir une visibilit\u00e9 totale sur la flotte mobile, en veillant \u00e0 ce que chaque appareil soit conforme aux normes de s\u00e9curit\u00e9 \u00e9tablies, qu'il s'agisse d'appareils appartenant \u00e0 l'entreprise ou d'appareils personnels (BYOD).<\/span><\/span><span data-path-to-node=\"13,3\">.<\/span><\/p>\n<p><img decoding=\"async\" class=\"alignnone wp-image-32912 size-full\" src=\"https:\/\/www.proactivanet.com\/wp-content\/uploads\/2026\/03\/mdm.png\" alt=\"mdm\" width=\"500\" height=\"273\" srcset=\"https:\/\/www.proactivanet.com\/wp-content\/uploads\/2026\/03\/mdm.png 500w, https:\/\/www.proactivanet.com\/wp-content\/uploads\/2026\/03\/mdm-300x164.png 300w\" sizes=\"(max-width: 500px) 100vw, 500px\" \/><\/p>\n<h3 data-path-to-node=\"14\">Points cl\u00e9s de l'OMD en 2026<\/h3>\n<ul data-path-to-node=\"15\">\n<li>\n<p id=\"p-rc_290adbf1df446022-38\" data-path-to-node=\"15,0,1\"><span data-path-to-node=\"15,0,1,0\"><b data-path-to-node=\"15,0,1,0\" data-index-in-node=\"0\"><span class=\"citation-170\">Adoption massive :<\/span><\/b><span class=\"citation-170\"> 67 % des organisations ont d\u00e9j\u00e0 d\u00e9ploy\u00e9 des solutions MDM pour renforcer leurs points d'acc\u00e8s.<\/span><\/span><span data-path-to-node=\"15,0,1,2\">.<\/span><\/p>\n<\/li>\n<li>\n<p id=\"p-rc_290adbf1df446022-39\" data-path-to-node=\"15,1,1\"><span data-path-to-node=\"15,1,1,0\"><b data-path-to-node=\"15,1,1,0\" data-index-in-node=\"0\"><span class=\"citation-169\">Contr\u00f4le du BYOD :<\/span><\/b><span class=\"citation-169\"> Plus de 80 % des entreprises autorisent l'utilisation d'appareils personnels, ce qui n\u00e9cessite une gestion centralis\u00e9e.<\/span><\/span><span data-path-to-node=\"15,1,1,2\">.<\/span><\/p>\n<\/li>\n<li>\n<p id=\"p-rc_290adbf1df446022-40\" data-path-to-node=\"15,2,1\"><span data-path-to-node=\"15,2,1,0\"><b data-path-to-node=\"15,2,1,0\" data-index-in-node=\"0\"><span class=\"citation-168\">S\u00e9curit\u00e9 avanc\u00e9e :<\/span><\/b><span class=\"citation-168\"> Fonctions essentielles telles que l'effacement \u00e0 distance et le cryptage des donn\u00e9es.<\/span><\/span><span data-path-to-node=\"15,2,1,2\">.<\/span><\/p>\n<\/li>\n<li>\n<p id=\"p-rc_290adbf1df446022-41\" data-path-to-node=\"15,3,1\"><span data-path-to-node=\"15,3,1,0\"><b data-path-to-node=\"15,3,1,0\" data-index-in-node=\"0\"><span class=\"citation-167\">Croissance du march\u00e9 :<\/span><\/b><span class=\"citation-167\"> Le secteur devrait atteindre 26 milliards de dollars d'ici 2031.<\/span><\/span><span data-path-to-node=\"15,3,1,2\">.<\/span><\/p>\n<\/li>\n<li>\n<p id=\"p-rc_290adbf1df446022-42\" data-path-to-node=\"15,4,1\"><span data-path-to-node=\"15,4,1,0\"><b data-path-to-node=\"15,4,1,0\" data-index-in-node=\"0\"><span class=\"citation-166\">Int\u00e9gration strat\u00e9gique :<\/span><\/b><span class=\"citation-166\"> Le MDM doit faire partie de la strat\u00e9gie globale de gestion des actifs (ITAM) et de cybers\u00e9curit\u00e9.<\/span><\/span><span data-path-to-node=\"15,4,1,2\">.<\/span><\/p>\n<p>&nbsp;<\/li>\n<\/ul>\n<hr data-path-to-node=\"16\" \/>\n<h2 data-path-to-node=\"17\">Avantages d'une gestion efficace des appareils mobiles<\/h2>\n<p data-path-to-node=\"18\">Mettez en place un syst\u00e8me robuste de <span data-path-to-node=\"33,2\"><span class=\"citation-154\">gestion des appareils mobiles<\/span><\/span> n'est pas seulement une question technique, mais une d\u00e9cision strat\u00e9gique qui a un impact sur la r\u00e9silience op\u00e9rationnelle.<\/p>\n<h4 data-path-to-node=\"19\"><strong>Visibilit\u00e9 et contr\u00f4le centralis\u00e9<\/strong><\/h4>\n<p id=\"p-rc_290adbf1df446022-43\" data-path-to-node=\"20\"><span data-path-to-node=\"20,1\"><span class=\"citation-165\">Un syst\u00e8me de gestion des appareils mobiles fournit un inventaire en temps r\u00e9el de tous les actifs.<\/span><\/span><span data-path-to-node=\"20,3\">. <\/span><span data-path-to-node=\"20,5\"><span class=\"citation-164\">Il permet de conna\u00eetre l'\u00e9tat de conformit\u00e9 et la relation de chaque appareil avec les services de l'entreprise, ce qui facilite la prise de d\u00e9cisions fond\u00e9es sur des donn\u00e9es.<\/span><\/span><span data-path-to-node=\"20,7\">.<\/span><\/p>\n<h4><\/h4>\n<h4 data-path-to-node=\"21\"><strong>S\u00e9curit\u00e9 de l'information et conformit\u00e9<\/strong><\/h4>\n<p id=\"p-rc_290adbf1df446022-44\" data-path-to-node=\"22\"><span data-path-to-node=\"22,1\"><span class=\"citation-163\">Le MDM r\u00e9duit consid\u00e9rablement le risque de fuite de donn\u00e9es gr\u00e2ce au cryptage et au contr\u00f4le d'acc\u00e8s.<\/span><\/span><span data-path-to-node=\"22,3\">. <\/span><span data-path-to-node=\"22,5\"><span class=\"citation-162\">Il facilite \u00e9galement le passage des audits en permettant une tra\u00e7abilit\u00e9 compl\u00e8te de qui acc\u00e8de \u00e0 quelles informations et dans quelles conditions.<\/span><\/span><span data-path-to-node=\"22,7\">.<\/span><\/p>\n<h4><\/h4>\n<h4 data-path-to-node=\"23\"><strong>3. Efficacit\u00e9 op\u00e9rationnelle gr\u00e2ce \u00e0 l'automatisation<\/strong><\/h4>\n<p id=\"p-rc_290adbf1df446022-45\" data-path-to-node=\"24\"><span data-path-to-node=\"24,1\"><span class=\"citation-161\">L'automatisation de l'inscription et de la configuration initiale des applications lib\u00e8re l'\u00e9quipe informatique des t\u00e2ches manuelles r\u00e9p\u00e9titives.<\/span><\/span><span data-path-to-node=\"24,3\">. <\/span><span data-path-to-node=\"24,5\"><span class=\"citation-160\">Cela r\u00e9duit les erreurs humaines et acc\u00e9l\u00e8re l'int\u00e9gration des nouveaux employ\u00e9s dans le flux de travail.<\/span><\/span><span data-path-to-node=\"24,7\">.<\/span><\/p>\n<p>&nbsp;<\/p>\n<hr data-path-to-node=\"25\" \/>\n<h2 data-path-to-node=\"26\">Le co\u00fbt de l'ignorance de la gestion de flotte<\/h2>\n<p data-path-to-node=\"27\">L'absence de strat\u00e9gie de <b data-path-to-node=\"27\" data-index-in-node=\"32\">gestion des appareils mobiles<\/b> expose l'entreprise \u00e0 des risques critiques :<\/p>\n<ol start=\"1\" data-path-to-node=\"28\">\n<li>\n<p id=\"p-rc_290adbf1df446022-46\" data-path-to-node=\"28,0,1\"><span data-path-to-node=\"28,0,1,0\"><b data-path-to-node=\"28,0,1,0\" data-index-in-node=\"0\"><span class=\"citation-159\">Atteintes \u00e0 la s\u00e9curit\u00e9 :<\/span><\/b><span class=\"citation-159\"> Un appareil perdu non g\u00e9r\u00e9 est une porte ouverte pour les attaquants<\/span><\/span><span data-path-to-node=\"28,0,1,2\">.<\/span><\/p>\n<\/li>\n<li>\n<p id=\"p-rc_290adbf1df446022-47\" data-path-to-node=\"28,1,1\"><span data-path-to-node=\"28,1,1,0\"><b data-path-to-node=\"28,1,1,0\" data-index-in-node=\"0\"><span class=\"citation-158\">Perte de contr\u00f4le :<\/span><\/b><span class=\"citation-158\"> Sans cryptage ni effacement \u00e0 distance, les informations sensibles restent vuln\u00e9rables.<\/span><\/span><span data-path-to-node=\"28,1,1,2\">.<\/span><\/p>\n<\/li>\n<li>\n<p id=\"p-rc_290adbf1df446022-48\" data-path-to-node=\"28,2,1\"><span data-path-to-node=\"28,2,1,0\"><b data-path-to-node=\"28,2,1,0\" data-index-in-node=\"0\"><span class=\"citation-157\">P\u00e9nalit\u00e9s financi\u00e8res :<\/span><\/b><span class=\"citation-157\"> Le non-respect de la r\u00e9glementation en mati\u00e8re de protection des donn\u00e9es peut entra\u00eener de lourdes amendes.<\/span><\/span><span data-path-to-node=\"28,2,1,2\">.<\/span><\/p>\n<p>&nbsp;<\/li>\n<\/ol>\n<h3 data-path-to-node=\"29\">Int\u00e9gration avec ITAM et cybers\u00e9curit\u00e9<\/h3>\n<p id=\"p-rc_290adbf1df446022-49\" data-path-to-node=\"30\"><span data-path-to-node=\"30,1\"><span class=\"citation-156\">Pour une vision globale, la <span class=\"citation-154\">gestion des appareils mobiles <\/span>doit \u00eatre int\u00e9gr\u00e9e \u00e0 la gestion des actifs informatiques (ITAM).<\/span><\/span><span data-path-to-node=\"30,3\">. <\/span><span data-path-to-node=\"30,5\"><span class=\"citation-155\">En associant chaque appareil mobile \u00e0 un utilisateur et \u00e0 un centre de co\u00fbts, la tra\u00e7abilit\u00e9 et le contr\u00f4le budg\u00e9taire de l'organisation sont am\u00e9lior\u00e9s.<\/span><\/span><a href=\"https:\/\/www.gartner.com\/reviews\/market\/it-service-management-platforms\" target=\"_blank\" rel=\"noopener\"><span data-path-to-node=\"30,7\">.<\/span><\/a><\/p>\n<hr data-path-to-node=\"31\" \/>\n<h2 data-path-to-node=\"32\">Foire aux questions (FAQ)<\/h2>\n<p id=\"p-rc_290adbf1df446022-50\" data-path-to-node=\"33\"><span data-path-to-node=\"33,0\"><b data-path-to-node=\"33,0\" data-index-in-node=\"0\">1) Le MDM porte-t-il atteinte \u00e0 la vie priv\u00e9e des employ\u00e9s dans les mod\u00e8les BYOD ?<\/b> Pas n\u00e9cessairement. <\/span><span data-path-to-node=\"33,2\"><span class=\"citation-154\">Les solutions modernes de gestion des appareils mobiles permettent de s\u00e9parer les donn\u00e9es de l'entreprise des donn\u00e9es personnelles, prot\u00e9geant ainsi les informations de l'entreprise sans compromettre la vie priv\u00e9e de l'utilisateur.<\/span><\/span><span data-path-to-node=\"33,4\">.<\/span><\/p>\n<p>&nbsp;<\/p>\n<p id=\"p-rc_290adbf1df446022-51\" data-path-to-node=\"34\"><span data-path-to-node=\"34,0\"><b data-path-to-node=\"34,0\" data-index-in-node=\"0\">2) Est-il difficile de mettre en \u0153uvre le MDM dans une entreprise multi-appareils ?<\/b> Au contraire. Les<\/span> <span data-path-to-node=\"34,2\"><span class=\"citation-153\"> <span class=\"citation-154\">Mobile Device Management <\/span> est con\u00e7u pour s'adapter et automatiser les d\u00e9ploiements de masse, ce qui r\u00e9duit consid\u00e9rablement la charge op\u00e9rationnelle de l'\u00e9quipe informatique.<\/span><\/span><span data-path-to-node=\"34,4\">.<\/span><\/p>\n<p>&nbsp;<\/p>\n<p id=\"p-rc_290adbf1df446022-52\" data-path-to-node=\"35\"><span data-path-to-node=\"35,0\"><b data-path-to-node=\"35,0\" data-index-in-node=\"0\">3) Que se passe-t-il en cas de perte ou de vol d'un appareil g\u00e9r\u00e9 ?<\/b> <\/span><span data-path-to-node=\"35,2\"><span class=\"citation-152\">L'administrateur peut effacer \u00e0 distance les informations de l'entreprise et bloquer imm\u00e9diatement l'acc\u00e8s aux applications de l'entreprise, ce qui neutralise la menace.<\/span><\/span><span data-path-to-node=\"35,4\">.<\/span><\/p>\n<p>&nbsp;<\/p>\n<hr data-path-to-node=\"36\" \/>\n<h2 data-path-to-node=\"37\">Conclusion : prenez le contr\u00f4le de votre environnement mobile<\/h2>\n<p id=\"p-rc_290adbf1df446022-53\" data-path-to-node=\"38\"><span data-path-to-node=\"38,0\">La gestion proactive des appareils mobiles n'est plus facultative. <\/span><span data-path-to-node=\"38,2\"><span class=\"citation-151\">L'int\u00e9gration du MDM dans la strat\u00e9gie informatique globale renforce la s\u00e9curit\u00e9, augmente l'efficacit\u00e9 et garantit la conformit\u00e9 aux r\u00e9glementations.<\/span><\/span><span data-path-to-node=\"38,4\">.<\/span><\/p>\n<p data-path-to-node=\"39\"><b data-path-to-node=\"39\" data-index-in-node=\"0\"><a href=\"https:\/\/www.proactivanet.com\/fr\/whitepaper\/mdm\/?utm_source=MDM&amp;utm_medium=blog&amp;utm_campaign=WhitepaperMDM\">T\u00c9L\u00c9CHARGEZ LE LIVRE BLANC COMPLET ICI<\/a><\/b><\/p>\n<p data-path-to-node=\"40\">Pour en savoir plus sur la mani\u00e8re de transformer votre flotte mobile en un atout strat\u00e9gique et s\u00fbr, nous vous invitons \u00e0 t\u00e9l\u00e9charger notre <a href=\"https:\/\/www.proactivanet.com\/fr\/whitepaper\/mdm\/?utm_source=MDM&amp;utm_medium=blog&amp;utm_campaign=WhitepaperMDM\">livre blanc sur la <b data-path-to-node=\"40\" data-index-in-node=\"144\">gestion des appareils mobiles.<\/b><\/a><\/p>\n","protected":false},"excerpt":{"rendered":"<p>La gestion des appareils mobiles gestion des appareils mobiles est devenue...  <\/p>\n<div class=\"read-more mt-4 text-blue text-xs\"><\/div>\n","protected":false},"author":7,"featured_media":32928,"comment_status":"open","ping_status":"closed","sticky":false,"template":"","format":"standard","meta":{"_acf_changed":false,"footnotes":""},"categories":[1938,1929],"tags":[],"class_list":["post-32919","post","type-post","status-publish","format-standard","has-post-thumbnail","hentry","category-gdr","category-proactivanet"],"acf":{"is_icon":""},"post_mailing_queue_ids":[],"_links":{"self":[{"href":"https:\/\/www.proactivanet.com\/fr\/wp-json\/wp\/v2\/posts\/32919","targetHints":{"allow":["GET"]}}],"collection":[{"href":"https:\/\/www.proactivanet.com\/fr\/wp-json\/wp\/v2\/posts"}],"about":[{"href":"https:\/\/www.proactivanet.com\/fr\/wp-json\/wp\/v2\/types\/post"}],"author":[{"embeddable":true,"href":"https:\/\/www.proactivanet.com\/fr\/wp-json\/wp\/v2\/users\/7"}],"replies":[{"embeddable":true,"href":"https:\/\/www.proactivanet.com\/fr\/wp-json\/wp\/v2\/comments?post=32919"}],"version-history":[{"count":2,"href":"https:\/\/www.proactivanet.com\/fr\/wp-json\/wp\/v2\/posts\/32919\/revisions"}],"predecessor-version":[{"id":32969,"href":"https:\/\/www.proactivanet.com\/fr\/wp-json\/wp\/v2\/posts\/32919\/revisions\/32969"}],"wp:featuredmedia":[{"embeddable":true,"href":"https:\/\/www.proactivanet.com\/fr\/wp-json\/wp\/v2\/media\/32928"}],"wp:attachment":[{"href":"https:\/\/www.proactivanet.com\/fr\/wp-json\/wp\/v2\/media?parent=32919"}],"wp:term":[{"taxonomy":"category","embeddable":true,"href":"https:\/\/www.proactivanet.com\/fr\/wp-json\/wp\/v2\/categories?post=32919"},{"taxonomy":"post_tag","embeddable":true,"href":"https:\/\/www.proactivanet.com\/fr\/wp-json\/wp\/v2\/tags?post=32919"}],"curies":[{"name":"wp","href":"https:\/\/api.w.org\/{rel}","templated":true}]}}