{"id":27753,"date":"2025-07-24T11:47:35","date_gmt":"2025-07-24T09:47:35","guid":{"rendered":"https:\/\/www.proactivanet.com\/blog\/non-categorise\/cybersecurite-et-nis2-des-defis-essentiels-pour-les-entreprises-espagnoles-selon-les-experts-du-secteur\/"},"modified":"2025-07-24T11:47:35","modified_gmt":"2025-07-24T09:47:35","slug":"cybersecurite-et-nis2-des-defis-essentiels-pour-les-entreprises-espagnoles-selon-les-experts-du-secteur","status":"publish","type":"post","link":"https:\/\/www.proactivanet.com\/fr\/blog\/presse\/cybersecurite-et-nis2-des-defis-essentiels-pour-les-entreprises-espagnoles-selon-les-experts-du-secteur\/","title":{"rendered":"Cybers\u00e9curit\u00e9 et NIS2, des d\u00e9fis essentiels pour les entreprises espagnoles selon les experts du secteur"},"content":{"rendered":"<p class=\"my-0\">La cybers\u00e9curit\u00e9 est devenue un facteur cl\u00e9 et transversal pour les entreprises et les administrations, en particulier avec l'application imminente du r\u00e8glement europ\u00e9en <strong>NIS2<\/strong> en Espagne. C'est ce qui est ressorti de la table ronde organis\u00e9e par <em>Econom\u00eda 3<\/em>, en collaboration avec la chaire de cybers\u00e9curit\u00e9 <strong>INCIBE-UPV<\/strong>, o\u00f9 des sp\u00e9cialistes d'entreprises technologiques, de compagnies d'assurance et d'universit\u00e9s se sont accord\u00e9s sur l'urgence de faire de la cybers\u00e9curit\u00e9 non plus une simple conformit\u00e9 l\u00e9gale, mais un v\u00e9ritable axe strat\u00e9gique pour les entreprises. <\/p>\n<p class=\"my-0\">Les experts ont soulign\u00e9 que le manque de formation sp\u00e9cialis\u00e9e et de talents reste l'un des plus grands d\u00e9fis du secteur en Espagne, tandis que de nombreuses entreprises continuent de consid\u00e9rer la cybers\u00e9curit\u00e9 comme un co\u00fbt et non comme un investissement essentiel pour la continuit\u00e9 de l'activit\u00e9. En outre, ils ont averti que, loin de se contenter de se conformer au NIS2 pour \u00e9viter les sanctions, les organisations devraient donner la priorit\u00e9 \u00e0 une gestion globale des risques, \u00e0 l'identification des actifs essentiels, \u00e0 la mise en \u0153uvre d'alertes et d'automatismes, et \u00e0 la sensibilisation des dirigeants et des employ\u00e9s. Tous s'accordent \u00e0 dire que c'est le seul moyen de garantir la r\u00e9silience face \u00e0 des cyber-attaques de plus en plus sophistiqu\u00e9es et r\u00e9pandues.  <\/p>\n<p class=\"my-0\">Pour obtenir tous les d\u00e9tails et les recommandations des principaux leaders de l'industrie et des experts sur la fa\u00e7on de relever les d\u00e9fis pos\u00e9s par la transformation num\u00e9rique et le nouveau NIS2, consultez l'article complet publi\u00e9 \u00e0 l'adresse suivante. <a href=\"https:\/\/www.proactivanet.com\/wp-content\/uploads\/2025\/07\/Economia3-379-julio-agosto-2025-bajo-peso_removed.pdf\"><strong>\u00c9conomie 3<\/strong><\/a><\/p>\n","protected":false},"excerpt":{"rendered":"<p>La cybers\u00e9curit\u00e9 est devenue un facteur cl\u00e9 et transversal pour les...  <\/p>\n<div class=\"read-more mt-4 text-blue text-xs\"><\/div>\n","protected":false},"author":7,"featured_media":27650,"comment_status":"open","ping_status":"closed","sticky":false,"template":"","format":"standard","meta":{"_acf_changed":false,"footnotes":""},"categories":[1865],"tags":[],"class_list":["post-27753","post","type-post","status-publish","format-standard","has-post-thumbnail","hentry","category-presse"],"acf":{"is_icon":""},"post_mailing_queue_ids":[],"_links":{"self":[{"href":"https:\/\/www.proactivanet.com\/fr\/wp-json\/wp\/v2\/posts\/27753","targetHints":{"allow":["GET"]}}],"collection":[{"href":"https:\/\/www.proactivanet.com\/fr\/wp-json\/wp\/v2\/posts"}],"about":[{"href":"https:\/\/www.proactivanet.com\/fr\/wp-json\/wp\/v2\/types\/post"}],"author":[{"embeddable":true,"href":"https:\/\/www.proactivanet.com\/fr\/wp-json\/wp\/v2\/users\/7"}],"replies":[{"embeddable":true,"href":"https:\/\/www.proactivanet.com\/fr\/wp-json\/wp\/v2\/comments?post=27753"}],"version-history":[{"count":0,"href":"https:\/\/www.proactivanet.com\/fr\/wp-json\/wp\/v2\/posts\/27753\/revisions"}],"wp:featuredmedia":[{"embeddable":true,"href":"https:\/\/www.proactivanet.com\/fr\/wp-json\/wp\/v2\/media\/27650"}],"wp:attachment":[{"href":"https:\/\/www.proactivanet.com\/fr\/wp-json\/wp\/v2\/media?parent=27753"}],"wp:term":[{"taxonomy":"category","embeddable":true,"href":"https:\/\/www.proactivanet.com\/fr\/wp-json\/wp\/v2\/categories?post=27753"},{"taxonomy":"post_tag","embeddable":true,"href":"https:\/\/www.proactivanet.com\/fr\/wp-json\/wp\/v2\/tags?post=27753"}],"curies":[{"name":"wp","href":"https:\/\/api.w.org\/{rel}","templated":true}]}}